{"id":2112,"date":"2024-10-24T07:13:36","date_gmt":"2024-10-24T05:13:36","guid":{"rendered":"https:\/\/www.petercernicka.eu\/?p=2112"},"modified":"2025-04-23T18:34:45","modified_gmt":"2025-04-23T16:34:45","slug":"aranzma-skladby-na-sutaz-ziacky-zus-z-malaciek","status":"publish","type":"post","link":"https:\/\/www.petercernicka.eu\/de\/aranzma-skladby-na-sutaz-ziacky-zus-z-malaciek\/","title":{"rendered":"Arrangement eines Liedes f\u00fcr einen Wettbewerb von einem Sch\u00fcler der Grundschule aus Malacky"},"content":{"rendered":"<div data-elementor-type=\"wp-post\" data-elementor-id=\"2112\" class=\"elementor elementor-2112\" data-elementor-post-type=\"post\">\n\t\t\t\t\t\t<section class=\"elementor-section elementor-top-section elementor-element elementor-element-a262671 elementor-section-boxed elementor-section-height-default elementor-section-height-default\" data-id=\"a262671\" data-element_type=\"section\" data-e-type=\"section\">\n\t\t\t\t\t\t<div class=\"elementor-container elementor-column-gap-default\">\n\t\t\t\t\t<div class=\"elementor-column elementor-col-100 elementor-top-column elementor-element elementor-element-afc9dcf\" data-id=\"afc9dcf\" data-element_type=\"column\" data-e-type=\"column\">\n\t\t\t<div class=\"elementor-widget-wrap elementor-element-populated\">\n\t\t\t\t\t\t<div class=\"elementor-element elementor-element-4152be9 elementor-widget elementor-widget-text-editor\" data-id=\"4152be9\" data-element_type=\"widget\" data-e-type=\"widget\" data-widget_type=\"text-editor.default\">\n\t\t\t\t<div class=\"elementor-widget-container\">\n\t\t\t\t\t\t\t\t\t<p style=\"text-align: center;\"><span style=\"font-size: 14pt; color: #000000; font-family: 'arial black', sans-serif;\">BON ART JUNIOR FEST<\/span><\/p>\t\t\t\t\t\t\t\t<\/div>\n\t\t\t\t<\/div>\n\t\t\t\t\t<\/div>\n\t\t<\/div>\n\t\t\t\t\t<\/div>\n\t\t<\/section>\n\t\t\t\t<section class=\"elementor-section elementor-top-section elementor-element elementor-element-1e29f5d elementor-section-boxed elementor-section-height-default elementor-section-height-default\" data-id=\"1e29f5d\" data-element_type=\"section\" data-e-type=\"section\">\n\t\t\t\t\t\t<div class=\"elementor-container elementor-column-gap-default\">\n\t\t\t\t\t<div class=\"elementor-column elementor-col-100 elementor-top-column elementor-element elementor-element-cd2a1b3\" data-id=\"cd2a1b3\" data-element_type=\"column\" data-e-type=\"column\">\n\t\t\t<div class=\"elementor-widget-wrap elementor-element-populated\">\n\t\t\t\t\t\t<div class=\"elementor-element elementor-element-c7b9332 elementor-widget elementor-widget-text-editor\" data-id=\"c7b9332\" data-element_type=\"widget\" data-e-type=\"widget\" data-widget_type=\"text-editor.default\">\n\t\t\t\t<div class=\"elementor-widget-container\">\n\t\t\t\t\t\t\t\t\t<p style=\"text-align: center;\"><span style=\"font-family: arial, helvetica, sans-serif; font-size: 14pt; color: #000000;\">V stredu 23.10.2024 sa uskuto\u010dnilo fin\u00e1le spev\u00e1ckej s\u00fa\u0165a\u017ee <b>BON ART JUNIOR FEST<br><\/b><\/span><span style=\"color: rgb(0, 0, 0); font-family: arial, helvetica, sans-serif; font-size: 14pt; font-style: inherit; font-weight: inherit; letter-spacing: 0.01em;\">v Prahe, ktorej sa z\u00fa\u010dastnila aj talentovan\u00e1 \u017eia\u010dka Tamara zo ZU\u0160 v Malack\u00e1ch <br>za doprovodu&nbsp;<\/span><span style=\"color: rgb(0, 0, 0); font-family: arial, helvetica, sans-serif; font-size: 14pt; font-style: inherit; font-weight: inherit; letter-spacing: 0.01em;\">\u017eiv\u00e9ho orchestra ktor\u00fd dirigoval F\u00e9lix Slov\u00e1\u010dek ml.<\/span><\/p>\n<p style=\"text-align: center;\"><span style=\"font-family: arial, helvetica, sans-serif; font-size: 14pt; color: #000000;\">Aran\u017em\u00e1 skladby pre orchester som mal tu \u010des\u0165 spravi\u0165 ja <img decoding=\"async\" draggable=\"false\" role=\"img\" class=\"emoji\" alt=\"\ud83d\ude42\" src=\"https:\/\/s.w.org\/images\/core\/emoji\/15.0.3\/svg\/1f642.svg\"><\/span><\/p>\t\t\t\t\t\t\t\t<\/div>\n\t\t\t\t<\/div>\n\t\t\t\t\t<\/div>\n\t\t<\/div>\n\t\t\t\t\t<\/div>\n\t\t<\/section>\n\t\t\t\t<section class=\"elementor-section elementor-top-section elementor-element elementor-element-9ac901b elementor-section-boxed elementor-section-height-default elementor-section-height-default\" data-id=\"9ac901b\" data-element_type=\"section\" data-e-type=\"section\">\n\t\t\t\t\t\t<div class=\"elementor-container elementor-column-gap-default\">\n\t\t\t\t\t<div class=\"elementor-column elementor-col-100 elementor-top-column elementor-element elementor-element-8668615\" data-id=\"8668615\" data-element_type=\"column\" data-e-type=\"column\">\n\t\t\t<div class=\"elementor-widget-wrap elementor-element-populated\">\n\t\t\t\t\t\t<div class=\"elementor-element elementor-element-fbfb521 elementor-widget elementor-widget-video\" data-id=\"fbfb521\" data-element_type=\"widget\" data-e-type=\"widget\" data-settings=\"{&quot;video_type&quot;:&quot;hosted&quot;,&quot;controls&quot;:&quot;yes&quot;}\" data-widget_type=\"video.default\">\n\t\t\t\t<div class=\"elementor-widget-container\">\n\t\t\t\t\t\t\t<div class=\"e-hosted-video elementor-wrapper elementor-open-inline\">\n\t\t\t\t\t<video class=\"elementor-video\" src=\"https:\/\/www.petercernicka.eu\/wp-content\/uploads\/2024\/10\/1000032793.mp4\" controls=\"\" preload=\"metadata\" controlslist=\"nodownload\"><\/video>\n\t\t\t\t<\/div>\n\t\t\t\t\t\t<\/div>\n\t\t\t\t<\/div>\n\t\t\t\t\t<\/div>\n\t\t<\/div>\n\t\t\t\t\t<\/div>\n\t\t<\/section>\n\t\t\t\t<\/div>","protected":false},"excerpt":{"rendered":"<p>BON ART JUNIOR FEST V stredu 23.10.2024 sa uskuto\u010dnilo fin\u00e1le spev\u00e1ckej s\u00fa\u0165a\u017ee BON ART JUNIOR FEST v Prahe, ktorej sa z\u00fa\u010dastnila aj talentovan\u00e1 \u017eia\u010dka Tamara zo ZU\u0160 v Malack\u00e1ch za doprovodu\u00a0\u017eiv\u00e9ho orchestra ktor\u00fd dirigoval F\u00e9lix Slov\u00e1\u010dek ml. Aran\u017em\u00e1 skladby pre orchester som [&hellip;]<\/p>\n","protected":false},"author":1,"featured_media":2117,"comment_status":"open","ping_status":"open","sticky":false,"template":"","format":"standard","meta":{"_monsterinsights_skip_tracking":false,"_monsterinsights_sitenote_active":false,"_monsterinsights_sitenote_note":"","_monsterinsights_sitenote_category":0,"footnotes":""},"categories":[29],"tags":[],"class_list":["post-2112","post","type-post","status-publish","format-standard","has-post-thumbnail","hentry","category-zakladne-umelecke-skoly"],"yoast_head":"<!-- This site is optimized with the Yoast SEO plugin v27.5 - https:\/\/yoast.com\/product\/yoast-seo-wordpress\/ -->\n<title>Aran\u017em\u00e1 skladby na s\u00fa\u0165a\u017e \u017eia\u010dky ZU\u0160 z Malaciek - PETER \u010cERNI\u010cKA<\/title>\n<meta name=\"robots\" content=\"index, follow, max-snippet:-1, max-image-preview:large, max-video-preview:-1\" \/>\n<link rel=\"canonical\" href=\"https:\/\/www.petercernicka.eu\/de\/aranzma-skladby-na-sutaz-ziacky-zus-z-malaciek\/\" \/>\n<meta property=\"og:locale\" content=\"de_DE\" \/>\n<meta property=\"og:type\" content=\"article\" \/>\n<meta property=\"og:title\" content=\"Aran\u017em\u00e1 skladby na s\u00fa\u0165a\u017e \u017eia\u010dky ZU\u0160 z Malaciek - PETER \u010cERNI\u010cKA\" \/>\n<meta property=\"og:description\" content=\"BON ART JUNIOR FEST V stredu 23.10.2024 sa uskuto\u010dnilo fin\u00e1le spev\u00e1ckej s\u00fa\u0165a\u017ee BON ART JUNIOR FEST v Prahe, ktorej sa z\u00fa\u010dastnila aj talentovan\u00e1 \u017eia\u010dka Tamara zo ZU\u0160 v Malack\u00e1ch za doprovodu\u00a0\u017eiv\u00e9ho orchestra ktor\u00fd dirigoval F\u00e9lix Slov\u00e1\u010dek ml. Aran\u017em\u00e1 skladby pre orchester som [&hellip;]\" \/>\n<meta property=\"og:url\" content=\"https:\/\/www.petercernicka.eu\/de\/aranzma-skladby-na-sutaz-ziacky-zus-z-malaciek\/\" \/>\n<meta property=\"og:site_name\" content=\"PETER \u010cERNI\u010cKA\" \/>\n<meta property=\"article:published_time\" content=\"2024-10-24T05:13:36+00:00\" \/>\n<meta property=\"article:modified_time\" content=\"2025-04-23T16:34:45+00:00\" \/>\n<meta property=\"og:image\" content=\"https:\/\/www.petercernicka.eu\/wp-content\/uploads\/2024\/10\/hdimg53c758421b4343ef5dc4c6917d1a87.jpg\" \/>\n\t<meta property=\"og:image:width\" content=\"1358\" \/>\n\t<meta property=\"og:image:height\" content=\"1920\" \/>\n\t<meta property=\"og:image:type\" content=\"image\/jpeg\" \/>\n<meta name=\"author\" content=\"PCsam1984\" \/>\n<meta name=\"twitter:card\" content=\"summary_large_image\" \/>\n<meta name=\"twitter:label1\" content=\"Verfasst von\" \/>\n\t<meta name=\"twitter:data1\" content=\"PCsam1984\" \/>\n\t<meta name=\"twitter:label2\" content=\"Gesch\u00e4tzte Lesezeit\" \/>\n\t<meta name=\"twitter:data2\" content=\"1\u00a0Minute\" \/>\n<script type=\"application\/ld+json\" class=\"yoast-schema-graph\">{\"@context\":\"https:\\\/\\\/schema.org\",\"@graph\":[{\"@type\":\"Article\",\"@id\":\"https:\\\/\\\/www.petercernicka.eu\\\/aranzma-skladby-na-sutaz-ziacky-zus-z-malaciek\\\/#article\",\"isPartOf\":{\"@id\":\"https:\\\/\\\/www.petercernicka.eu\\\/aranzma-skladby-na-sutaz-ziacky-zus-z-malaciek\\\/\"},\"author\":{\"name\":\"PCsam1984\",\"@id\":\"https:\\\/\\\/www.petercernicka.eu\\\/#\\\/schema\\\/person\\\/eaa798afba313ef2eff2f71a1c2f83a7\"},\"headline\":\"Aran\u017em\u00e1 skladby na s\u00fa\u0165a\u017e \u017eia\u010dky ZU\u0160 z Malaciek\",\"datePublished\":\"2024-10-24T05:13:36+00:00\",\"dateModified\":\"2025-04-23T16:34:45+00:00\",\"mainEntityOfPage\":{\"@id\":\"https:\\\/\\\/www.petercernicka.eu\\\/aranzma-skladby-na-sutaz-ziacky-zus-z-malaciek\\\/\"},\"wordCount\":77,\"commentCount\":0,\"image\":{\"@id\":\"https:\\\/\\\/www.petercernicka.eu\\\/aranzma-skladby-na-sutaz-ziacky-zus-z-malaciek\\\/#primaryimage\"},\"thumbnailUrl\":\"https:\\\/\\\/www.petercernicka.eu\\\/wp-content\\\/uploads\\\/2024\\\/10\\\/hdimg53c758421b4343ef5dc4c6917d1a87.jpg\",\"articleSection\":[\"Z\u00e1kladn\u00e9 umeleck\u00e9 \u0161koly\"],\"inLanguage\":\"de\"},{\"@type\":\"WebPage\",\"@id\":\"https:\\\/\\\/www.petercernicka.eu\\\/aranzma-skladby-na-sutaz-ziacky-zus-z-malaciek\\\/\",\"url\":\"https:\\\/\\\/www.petercernicka.eu\\\/aranzma-skladby-na-sutaz-ziacky-zus-z-malaciek\\\/\",\"name\":\"Aran\u017em\u00e1 skladby na s\u00fa\u0165a\u017e \u017eia\u010dky ZU\u0160 z Malaciek - PETER \u010cERNI\u010cKA\",\"isPartOf\":{\"@id\":\"https:\\\/\\\/www.petercernicka.eu\\\/#website\"},\"primaryImageOfPage\":{\"@id\":\"https:\\\/\\\/www.petercernicka.eu\\\/aranzma-skladby-na-sutaz-ziacky-zus-z-malaciek\\\/#primaryimage\"},\"image\":{\"@id\":\"https:\\\/\\\/www.petercernicka.eu\\\/aranzma-skladby-na-sutaz-ziacky-zus-z-malaciek\\\/#primaryimage\"},\"thumbnailUrl\":\"https:\\\/\\\/www.petercernicka.eu\\\/wp-content\\\/uploads\\\/2024\\\/10\\\/hdimg53c758421b4343ef5dc4c6917d1a87.jpg\",\"datePublished\":\"2024-10-24T05:13:36+00:00\",\"dateModified\":\"2025-04-23T16:34:45+00:00\",\"author\":{\"@id\":\"https:\\\/\\\/www.petercernicka.eu\\\/#\\\/schema\\\/person\\\/eaa798afba313ef2eff2f71a1c2f83a7\"},\"breadcrumb\":{\"@id\":\"https:\\\/\\\/www.petercernicka.eu\\\/aranzma-skladby-na-sutaz-ziacky-zus-z-malaciek\\\/#breadcrumb\"},\"inLanguage\":\"de\",\"potentialAction\":[{\"@type\":\"ReadAction\",\"target\":[\"https:\\\/\\\/www.petercernicka.eu\\\/aranzma-skladby-na-sutaz-ziacky-zus-z-malaciek\\\/\"]}]},{\"@type\":\"ImageObject\",\"inLanguage\":\"de\",\"@id\":\"https:\\\/\\\/www.petercernicka.eu\\\/aranzma-skladby-na-sutaz-ziacky-zus-z-malaciek\\\/#primaryimage\",\"url\":\"https:\\\/\\\/www.petercernicka.eu\\\/wp-content\\\/uploads\\\/2024\\\/10\\\/hdimg53c758421b4343ef5dc4c6917d1a87.jpg\",\"contentUrl\":\"https:\\\/\\\/www.petercernicka.eu\\\/wp-content\\\/uploads\\\/2024\\\/10\\\/hdimg53c758421b4343ef5dc4c6917d1a87.jpg\",\"width\":1358,\"height\":1920},{\"@type\":\"BreadcrumbList\",\"@id\":\"https:\\\/\\\/www.petercernicka.eu\\\/aranzma-skladby-na-sutaz-ziacky-zus-z-malaciek\\\/#breadcrumb\",\"itemListElement\":[{\"@type\":\"ListItem\",\"position\":1,\"name\":\"Domov\",\"item\":\"https:\\\/\\\/www.petercernicka.eu\\\/\"},{\"@type\":\"ListItem\",\"position\":2,\"name\":\"Aran\u017em\u00e1 skladby na s\u00fa\u0165a\u017e \u017eia\u010dky ZU\u0160 z Malaciek\"}]},{\"@type\":\"WebSite\",\"@id\":\"https:\\\/\\\/www.petercernicka.eu\\\/#website\",\"url\":\"https:\\\/\\\/www.petercernicka.eu\\\/\",\"name\":\"PETER \u010cERNI\u010cKA\",\"description\":\"skladate\u013e, aran\u017e\u00e9r, multiin\u0161trumentalista, lektor\",\"potentialAction\":[{\"@type\":\"SearchAction\",\"target\":{\"@type\":\"EntryPoint\",\"urlTemplate\":\"https:\\\/\\\/www.petercernicka.eu\\\/?s={search_term_string}\"},\"query-input\":{\"@type\":\"PropertyValueSpecification\",\"valueRequired\":true,\"valueName\":\"search_term_string\"}}],\"inLanguage\":\"de\"},{\"@type\":\"Person\",\"@id\":\"https:\\\/\\\/www.petercernicka.eu\\\/#\\\/schema\\\/person\\\/eaa798afba313ef2eff2f71a1c2f83a7\",\"name\":\"PCsam1984\",\"image\":{\"@type\":\"ImageObject\",\"inLanguage\":\"de\",\"@id\":\"https:\\\/\\\/secure.gravatar.com\\\/avatar\\\/942480fd5ff10efc2eb4d8509a105bf1c562cf9259e11c63c81c33abff19af74?s=96&d=mm&r=g\",\"url\":\"https:\\\/\\\/secure.gravatar.com\\\/avatar\\\/942480fd5ff10efc2eb4d8509a105bf1c562cf9259e11c63c81c33abff19af74?s=96&d=mm&r=g\",\"contentUrl\":\"https:\\\/\\\/secure.gravatar.com\\\/avatar\\\/942480fd5ff10efc2eb4d8509a105bf1c562cf9259e11c63c81c33abff19af74?s=96&d=mm&r=g\",\"caption\":\"PCsam1984\"},\"sameAs\":[\"https:\\\/\\\/www.petercernicka.eu\"],\"url\":\"https:\\\/\\\/www.petercernicka.eu\\\/de\\\/author\\\/pcsam1984\\\/\"}]}<\/script>\n<!-- \/ Yoast SEO plugin. -->","yoast_head_json":{"title":"Aran\u017em\u00e1 skladby na s\u00fa\u0165a\u017e \u017eia\u010dky ZU\u0160 z Malaciek - PETER \u010cERNI\u010cKA","robots":{"index":"index","follow":"follow","max-snippet":"max-snippet:-1","max-image-preview":"max-image-preview:large","max-video-preview":"max-video-preview:-1"},"canonical":"https:\/\/www.petercernicka.eu\/de\/aranzma-skladby-na-sutaz-ziacky-zus-z-malaciek\/","og_locale":"de_DE","og_type":"article","og_title":"Aran\u017em\u00e1 skladby na s\u00fa\u0165a\u017e \u017eia\u010dky ZU\u0160 z Malaciek - PETER \u010cERNI\u010cKA","og_description":"BON ART JUNIOR FEST V stredu 23.10.2024 sa uskuto\u010dnilo fin\u00e1le spev\u00e1ckej s\u00fa\u0165a\u017ee BON ART JUNIOR FEST v Prahe, ktorej sa z\u00fa\u010dastnila aj talentovan\u00e1 \u017eia\u010dka Tamara zo ZU\u0160 v Malack\u00e1ch za doprovodu\u00a0\u017eiv\u00e9ho orchestra ktor\u00fd dirigoval F\u00e9lix Slov\u00e1\u010dek ml. Aran\u017em\u00e1 skladby pre orchester som [&hellip;]","og_url":"https:\/\/www.petercernicka.eu\/de\/aranzma-skladby-na-sutaz-ziacky-zus-z-malaciek\/","og_site_name":"PETER \u010cERNI\u010cKA","article_published_time":"2024-10-24T05:13:36+00:00","article_modified_time":"2025-04-23T16:34:45+00:00","og_image":[{"width":1358,"height":1920,"url":"https:\/\/www.petercernicka.eu\/wp-content\/uploads\/2024\/10\/hdimg53c758421b4343ef5dc4c6917d1a87.jpg","type":"image\/jpeg"}],"author":"PCsam1984","twitter_card":"summary_large_image","twitter_misc":{"Verfasst von":"PCsam1984","Gesch\u00e4tzte Lesezeit":"1\u00a0Minute"},"schema":{"@context":"https:\/\/schema.org","@graph":[{"@type":"Article","@id":"https:\/\/www.petercernicka.eu\/aranzma-skladby-na-sutaz-ziacky-zus-z-malaciek\/#article","isPartOf":{"@id":"https:\/\/www.petercernicka.eu\/aranzma-skladby-na-sutaz-ziacky-zus-z-malaciek\/"},"author":{"name":"PCsam1984","@id":"https:\/\/www.petercernicka.eu\/#\/schema\/person\/eaa798afba313ef2eff2f71a1c2f83a7"},"headline":"Aran\u017em\u00e1 skladby na s\u00fa\u0165a\u017e \u017eia\u010dky ZU\u0160 z Malaciek","datePublished":"2024-10-24T05:13:36+00:00","dateModified":"2025-04-23T16:34:45+00:00","mainEntityOfPage":{"@id":"https:\/\/www.petercernicka.eu\/aranzma-skladby-na-sutaz-ziacky-zus-z-malaciek\/"},"wordCount":77,"commentCount":0,"image":{"@id":"https:\/\/www.petercernicka.eu\/aranzma-skladby-na-sutaz-ziacky-zus-z-malaciek\/#primaryimage"},"thumbnailUrl":"https:\/\/www.petercernicka.eu\/wp-content\/uploads\/2024\/10\/hdimg53c758421b4343ef5dc4c6917d1a87.jpg","articleSection":["Z\u00e1kladn\u00e9 umeleck\u00e9 \u0161koly"],"inLanguage":"de"},{"@type":"WebPage","@id":"https:\/\/www.petercernicka.eu\/aranzma-skladby-na-sutaz-ziacky-zus-z-malaciek\/","url":"https:\/\/www.petercernicka.eu\/aranzma-skladby-na-sutaz-ziacky-zus-z-malaciek\/","name":"Aran\u017em\u00e1 skladby na s\u00fa\u0165a\u017e \u017eia\u010dky ZU\u0160 z Malaciek - PETER \u010cERNI\u010cKA","isPartOf":{"@id":"https:\/\/www.petercernicka.eu\/#website"},"primaryImageOfPage":{"@id":"https:\/\/www.petercernicka.eu\/aranzma-skladby-na-sutaz-ziacky-zus-z-malaciek\/#primaryimage"},"image":{"@id":"https:\/\/www.petercernicka.eu\/aranzma-skladby-na-sutaz-ziacky-zus-z-malaciek\/#primaryimage"},"thumbnailUrl":"https:\/\/www.petercernicka.eu\/wp-content\/uploads\/2024\/10\/hdimg53c758421b4343ef5dc4c6917d1a87.jpg","datePublished":"2024-10-24T05:13:36+00:00","dateModified":"2025-04-23T16:34:45+00:00","author":{"@id":"https:\/\/www.petercernicka.eu\/#\/schema\/person\/eaa798afba313ef2eff2f71a1c2f83a7"},"breadcrumb":{"@id":"https:\/\/www.petercernicka.eu\/aranzma-skladby-na-sutaz-ziacky-zus-z-malaciek\/#breadcrumb"},"inLanguage":"de","potentialAction":[{"@type":"ReadAction","target":["https:\/\/www.petercernicka.eu\/aranzma-skladby-na-sutaz-ziacky-zus-z-malaciek\/"]}]},{"@type":"ImageObject","inLanguage":"de","@id":"https:\/\/www.petercernicka.eu\/aranzma-skladby-na-sutaz-ziacky-zus-z-malaciek\/#primaryimage","url":"https:\/\/www.petercernicka.eu\/wp-content\/uploads\/2024\/10\/hdimg53c758421b4343ef5dc4c6917d1a87.jpg","contentUrl":"https:\/\/www.petercernicka.eu\/wp-content\/uploads\/2024\/10\/hdimg53c758421b4343ef5dc4c6917d1a87.jpg","width":1358,"height":1920},{"@type":"BreadcrumbList","@id":"https:\/\/www.petercernicka.eu\/aranzma-skladby-na-sutaz-ziacky-zus-z-malaciek\/#breadcrumb","itemListElement":[{"@type":"ListItem","position":1,"name":"Domov","item":"https:\/\/www.petercernicka.eu\/"},{"@type":"ListItem","position":2,"name":"Aran\u017em\u00e1 skladby na s\u00fa\u0165a\u017e \u017eia\u010dky ZU\u0160 z Malaciek"}]},{"@type":"WebSite","@id":"https:\/\/www.petercernicka.eu\/#website","url":"https:\/\/www.petercernicka.eu\/","name":"PETER \u010cERNI\u010cKA","description":"Komponist, Arrangeur, Multiinstrumentalist, Vortragender","potentialAction":[{"@type":"SearchAction","target":{"@type":"EntryPoint","urlTemplate":"https:\/\/www.petercernicka.eu\/?s={search_term_string}"},"query-input":{"@type":"PropertyValueSpecification","valueRequired":true,"valueName":"search_term_string"}}],"inLanguage":"de"},{"@type":"Person","@id":"https:\/\/www.petercernicka.eu\/#\/schema\/person\/eaa798afba313ef2eff2f71a1c2f83a7","name":"PCsam1984","image":{"@type":"ImageObject","inLanguage":"de","@id":"https:\/\/secure.gravatar.com\/avatar\/942480fd5ff10efc2eb4d8509a105bf1c562cf9259e11c63c81c33abff19af74?s=96&d=mm&r=g","url":"https:\/\/secure.gravatar.com\/avatar\/942480fd5ff10efc2eb4d8509a105bf1c562cf9259e11c63c81c33abff19af74?s=96&d=mm&r=g","contentUrl":"https:\/\/secure.gravatar.com\/avatar\/942480fd5ff10efc2eb4d8509a105bf1c562cf9259e11c63c81c33abff19af74?s=96&d=mm&r=g","caption":"PCsam1984"},"sameAs":["https:\/\/www.petercernicka.eu"],"url":"https:\/\/www.petercernicka.eu\/de\/author\/pcsam1984\/"}]}},"jetpack_featured_media_url":"https:\/\/www.petercernicka.eu\/wp-content\/uploads\/2024\/10\/hdimg53c758421b4343ef5dc4c6917d1a87.jpg","_links":{"self":[{"href":"https:\/\/www.petercernicka.eu\/de\/wp-json\/wp\/v2\/posts\/2112","targetHints":{"allow":["GET"]}}],"collection":[{"href":"https:\/\/www.petercernicka.eu\/de\/wp-json\/wp\/v2\/posts"}],"about":[{"href":"https:\/\/www.petercernicka.eu\/de\/wp-json\/wp\/v2\/types\/post"}],"author":[{"embeddable":true,"href":"https:\/\/www.petercernicka.eu\/de\/wp-json\/wp\/v2\/users\/1"}],"replies":[{"embeddable":true,"href":"https:\/\/www.petercernicka.eu\/de\/wp-json\/wp\/v2\/comments?post=2112"}],"version-history":[{"count":6,"href":"https:\/\/www.petercernicka.eu\/de\/wp-json\/wp\/v2\/posts\/2112\/revisions"}],"predecessor-version":[{"id":2582,"href":"https:\/\/www.petercernicka.eu\/de\/wp-json\/wp\/v2\/posts\/2112\/revisions\/2582"}],"wp:featuredmedia":[{"embeddable":true,"href":"https:\/\/www.petercernicka.eu\/de\/wp-json\/wp\/v2\/media\/2117"}],"wp:attachment":[{"href":"https:\/\/www.petercernicka.eu\/de\/wp-json\/wp\/v2\/media?parent=2112"}],"wp:term":[{"taxonomy":"category","embeddable":true,"href":"https:\/\/www.petercernicka.eu\/de\/wp-json\/wp\/v2\/categories?post=2112"},{"taxonomy":"post_tag","embeddable":true,"href":"https:\/\/www.petercernicka.eu\/de\/wp-json\/wp\/v2\/tags?post=2112"}],"curies":[{"name":"wp","href":"https:\/\/api.w.org\/{rel}","templated":true}]}}